{"id":3718,"date":"2020-03-12T09:59:50","date_gmt":"2020-03-12T08:59:50","guid":{"rendered":"http:\/\/genuinewines.com\/testdev\/?p=3718"},"modified":"2021-03-09T13:25:30","modified_gmt":"2021-03-09T12:25:30","slug":"domaine-rolet-jura-reportage-2019","status":"publish","type":"post","link":"https:\/\/genuinewines.com\/cn\/blog\/domaine-rolet-jura-reportage-2019\/","title":{"rendered":"Domaine Rolet &#8211; Jura reportage 2019"},"content":{"rendered":"<p><img decoding=\"async\" class=\"mcnImage\" src=\"https:\/\/gallery.mailchimp.com\/8cc45cf08bf7beaf6f607b870\/images\/5a6860c5-ee7b-4030-bff0-379457843e64.jpg\" alt=\"\" width=\"564\" align=\"center\"><\/p>\n<h1 class=\"null\"><span class=\"mc-toc-title\">June 19, 2019<\/span><\/h1>\n<p><span class=\"mc-toc-title\"><span style=\"font-size: medium;\">Bonjour!<\/span><\/span><\/p>\n<p>Nos visites dans les vignobles se poursuivent avec aujourd\u2019hui, celle du Domaine Rolet, g\u00e9r\u00e9 depuis juin 2018 par C\u00e9dric Ducot\u00e9.<\/p>\n<p>De nombreux projets sont \u00e0 l&#8217;ordre du jour cette ann\u00e9e. Des essais de gestion du vignoble selon les principes de l&#8217;agriculture biologique ont commenc\u00e9 sur les premi\u00e8res parcelles cette ann\u00e9e, un nouveau pressoir suppl\u00e9mentaire a \u00e9t\u00e9 achet\u00e9, et des tables de tri ont \u00e9t\u00e9 install\u00e9es pour s\u00e9lectionner les raisins \u00e0 leur arriv\u00e9e \u00e0 la cave.<\/p>\n<p>Lors de notre visite, nous avons fait le tour des parcelles et avons pu constater les d\u00e9g\u00e2ts caus\u00e9s par le gel de mai. Nous avons \u00e9galement d\u00e9gust\u00e9 les vins blancs et ros\u00e9s 2018 fra\u00eechement mis en bouteille, ainsi que les rouges encore en f\u00fbt et en inox.<\/p>\n<p>Merci \u00e0 tous pour votre soutien et votre fid\u00e9lit\u00e9 !&nbsp; Nous sommes ravis des d\u00e9veloppements r\u00e9cemment mis en \u0153uvre au domaine Rolet, qui compl\u00e8tent le travail qualitatif que la famille Rolet avait mis en place.<\/p>\n<hr>\n<div>\n<p>Dans ce reportage vous trouverez<\/p>\n<ul>\n<li>Retour sur les climatologies de l\u2019hiver 2018 et le printemps 2019 dans le Jura<\/li>\n<li>Travaux dans le vignoble<\/li>\n<li>Pr\u00e9sentation de l\u2019\u00e9quipe : C\u00e9dric, Jocelyn &amp; Louis<\/li>\n<li>Notes de d\u00e9gustation du mill\u00e9sime 2018<\/li>\n<\/ul>\n<\/div>\n<hr>\n<figure style=\"width: 564px\" class=\"wp-caption alignnone\"><img fetchpriority=\"high\" decoding=\"async\" class=\"mcnImage\" src=\"https:\/\/gallery.mailchimp.com\/8cc45cf08bf7beaf6f607b870\/images\/5a4dbe0b-79a7-4dd8-843d-e84f034d0a4a.png\" alt=\"\" width=\"564\" height=\"422\" align=\"center\"><figcaption class=\"wp-caption-text\">Burning hay bales in the morning to create a smoke screen to block the sun&#8217;s strong rays<\/figcaption><\/figure>\n<p>&nbsp;<\/p>\n<p><strong>Retour sur la climatologie de l\u2019hiver dernier et de ce <\/strong><\/p>\n<p>L&#8217;hiver a \u00e9t\u00e9 plut\u00f4t sec, mais de fortes pluies au d\u00e9but de l\u2019ann\u00e9e 2019 ont mis fin au stress hydrique de l&#8217;hiver et ont permis de reconstituer les nappes phr\u00e9atiques.<\/p>\n<p>D\u00e8s f\u00e9vrier, les temp\u00e9ratures ont \u00e9t\u00e9 estivales et les vignes ont bourgeonn\u00e9 t\u00f4t pour la saison. Mais la nature a retrouv\u00e9 son habituel chemin temp\u00e9r\u00e9 suite au refroidissement de fin mars qui a dur\u00e9 jusqu&#8217;au d\u00e9but du mois de mai.<\/p>\n<p>Ainsi, alors que le d\u00e9veloppement v\u00e9g\u00e9tatif \u00e9tait parti pour avoir une grande avance, la vigne a actuellement environ deux semaines de retard sur un mill\u00e9sime typique.<\/p>\n<p>Le Jura a subi deux \u00e9pisodes de gel. Le premier : les 13 et 14 avril avec des temp\u00e9ratures descendant \u00e0 -5\u00b0C mais sans forte humidit\u00e9. Puis plus s\u00e9rieusement les 5 et 6 mai avec des temp\u00e9ratures moins froides (-1\u00b0C) mais beaucoup d&#8217;humidit\u00e9.<\/p>\n<p>Toute l&#8217;\u00e9quipe du Domaine Rolet s&#8217;est pr\u00e9par\u00e9e et s&#8217;est lev\u00e9e au milieu de la nuit pour allumer des feux de paille avant le lever du soleil afin de cr\u00e9er un \u00e9cran de fum\u00e9e. &nbsp;Ceci afin de prot\u00e9ger les bourgeons recouverts de glace et les premi\u00e8res feuilles de l&#8217;effet grossissant des premiers rayons du soleil, qui pourraient les br\u00fbler s&#8217;ils n&#8217;\u00e9taient pas prot\u00e9g\u00e9s.<\/p>\n<p>Les zones les plus touch\u00e9es ont \u00e9t\u00e9 10 ha sur la partie basse de les parcelles \u00ab&nbsp;Chagnon&nbsp;\u00bb sur la commune de Montigny les Arsures et \u00ab&nbsp;Montesserin&nbsp;\u00bb autour d&#8217;Arbois, grillant pr\u00e8s de 20% du total des vignes Rolet. Les vignobles du sud des C\u00f4tes du Jura ont \u00e9t\u00e9 moins touch\u00e9s, car les temp\u00e9ratures n&#8217;ont pas chut\u00e9 aussi bas. &nbsp;D\u2019un point de vue g\u00e9n\u00e9ral, sur Arbois, les vignerons ont perdu pr\u00e8s de 50 % de leur production.<\/p>\n<figure style=\"width: 564px\" class=\"wp-caption alignnone\"><img decoding=\"async\" class=\"mcnImage\" src=\"https:\/\/gallery.mailchimp.com\/8cc45cf08bf7beaf6f607b870\/images\/8ab382cc-1623-42bb-afdb-70ce8feaee24.png\" alt=\"\" width=\"564\" height=\"448\" align=\"center\"><figcaption class=\"wp-caption-text\">Frosty mornings in May<\/figcaption><\/figure>\n<figure style=\"width: 564px\" class=\"wp-caption alignnone\"><img decoding=\"async\" class=\"mcnImage\" src=\"https:\/\/gallery.mailchimp.com\/8cc45cf08bf7beaf6f607b870\/_compresseds\/ab0d816a-a8d1-4ffe-b365-dec724044a89.jpg\" alt=\"\" width=\"564\" height=\"3024\" align=\"center\"><figcaption class=\"wp-caption-text\">Following C\u00e9dric and Jocelyn through the plots under organic conversion<\/figcaption><\/figure>\n<p>&nbsp;<\/p>\n<p><strong><span lang=\"FR\">Essai en culture biologique et limitation du compactage des sols<\/span><\/strong><\/p>\n<p><span lang=\"FR\">En <\/span><span lang=\"FR\">ce moment, 8 ha \u00e0 Arbois, juste \u00e0 c\u00f4t\u00e9 de la cave, est en essaie de culture biologique. La certification mettra du temps, il faut avancer par \u00e9tape, mais c&#8217;est la prochaine \u00e9tape pour le domaine Rolet.<\/span><\/p>\n<p><span lang=\"FR\">Depuis toujours, le Domaine a \u00e9t\u00e9 tr\u00e8s attentif au compactage des sols dans le Jura. &nbsp;Contrairement \u00e0 la Bourgogne, o\u00f9 les sols sont majoritairement compos\u00e9s de calcaire et d&#8217;argile, les sols du Jura sont de nature marneuse avec une forte proportion en argile et moins de calcaire (sauf sur les hauteur).<\/span><\/p>\n<p><span lang=\"FR\">C&#8217;est sur cette argile que prosp\u00e8rent nos c\u00e9pages indig\u00e8nes &#8211; Trousseau, Poulsard et Savagnin. &nbsp;C&#8217;est pourquoi, dans les ann\u00e9es 1970, Rolet avait plant\u00e9 ses vignes en 5 rangs, arrachant le 6<sup>\u00e8me<\/sup>, le transformant en bande enherb\u00e9e sur laquelle passent les tracteurs afin de ne pas tasser le sol dans les rangs de vigne.<\/span><\/p>\n<p><span lang=\"FR\">Le domaine pratique toujours cette technique de gestion intelligente du vignoble, qui a depuis \u00e9t\u00e9 adopt\u00e9e par les producteurs voisins. &nbsp;Le domaine a \u00e9galement r\u00e9cemment investi dans un tracteur l\u00e9ger Solis d\u00e9di\u00e9 \u00e0 ces passages dans les vignes afin de minimiser l&#8217;impact lors des traitements.<\/span><\/p>\n<figure style=\"width: 564px\" class=\"wp-caption alignnone\"><img loading=\"lazy\" decoding=\"async\" class=\"mcnImage\" src=\"https:\/\/gallery.mailchimp.com\/8cc45cf08bf7beaf6f607b870\/_compresseds\/0646e86b-3f40-4b59-b057-5c51285ca74b.jpg\" alt=\"\" width=\"564\" height=\"3024\" align=\"center\"><figcaption class=\"wp-caption-text\">Baby-blue Solis mini-tractor in the distance doing soil work<\/figcaption><\/figure>\n<hr>\n<p><strong><span lang=\"FR\">L\u00e9quipe :&nbsp;<\/span><\/strong><span lang=\"FR\">C\u00e9dric Ducot\u00e9, le directeur du domaine<\/span><\/p>\n<p><span lang=\"FR\">Depuis l&#8217;arriv\u00e9e du C\u00e9dric il y a un peu plus d&#8217;un an, le Domaine a connu une transition en douceur.<\/span><\/p>\n<p><span lang=\"FR\">L&#8217;\u00e9t\u00e9 dernier, il a repris les r\u00eanes de la famille Rolet et a men\u00e9 la cave jusqu&#8217;au mill\u00e9sime 2018 qui, de l&#8217;avis g\u00e9n\u00e9ral, a \u00e9t\u00e9 une r\u00e9colte historique comme personne n&#8217;en avait jamais vue, tant en quantit\u00e9 qu&#8217;en qualit\u00e9.<\/span><\/p>\n<p><span lang=\"FR\">Oenologue de formation, C\u00e9dric a imm\u00e9diatement apport\u00e9 des changements pour am\u00e9liorer l&#8217;efficacit\u00e9 de la r\u00e9colte. &nbsp;Pour le mois de septembre 2018, la cave s&#8217;est dot\u00e9e de nouveaux \u00e9quipements pour am\u00e9liorer la qualit\u00e9 de la r\u00e9ception des raisins : une table de tri, des petites cuves en inox pour vinifier en petits volumes et un second pressoir. &nbsp;Les deux pressoirs sont maintenant install\u00e9s c\u00f4te \u00e0 c\u00f4te avec une passerelle entre les deux afin de permettre un pressurage efficace des raisins r\u00e9colt\u00e9s \u00e0 la main, d\u00e8s leur arriv\u00e9e \u00e0 la cave.<\/span><\/p>\n<p><span lang=\"FR\">Dans tous les domaines, C\u00e9dric s&#8217;engage \u00e0 d\u00e9velopper tout le potentiel du Domaine Rolet et \u00e0 continuer \u00e0 produire des vins de caract\u00e8re et typ\u00e9s du Jura.<\/span><\/p>\n<figure style=\"width: 564px\" class=\"wp-caption alignnone\"><img loading=\"lazy\" decoding=\"async\" class=\"mcnImage\" src=\"https:\/\/gallery.mailchimp.com\/8cc45cf08bf7beaf6f607b870\/images\/fe4b00a7-ef44-4a96-a521-3ddbee2ebc4b.jpg\" alt=\"\" width=\"564\" height=\"4868\" align=\"center\"><figcaption class=\"wp-caption-text\">General Director C\u00e9dric Ducot\u00e9<\/figcaption><\/figure>\n<hr>\n<p><strong><span lang=\"FR\">Pr\u00e9sentation de l<\/span><\/strong><strong><span lang=\"FR\">\u2019<\/span><\/strong><strong><span lang=\"FR\">\u00e9quipe :&nbsp;<\/span><\/strong><span lang=\"FR\"> Jocelyn Brocard, Chef de Cave<\/span><\/p>\n<p><span lang=\"FR\">Aujourd&#8217;hui, l&#8217;\u00e9quipe de la cave reste la m\u00eame, mais elle est maintenant rejointe par Jocelyn, ancien \u0153nologue en chef du Laboratoire d\u00e9partemental d&#8217;analyse du Jura, \u00e0 Lons-le-Saunier.<\/span><\/p>\n<p><span lang=\"FR\">Lorsqu&#8217;il n&#8217;\u00e9tait pas au laboratoire avec son \u00e9quipe de techniciens, d&#8217;\u00e9chantillonneurs et d&#8217;\u0153nologues, \u00e9valuant la production de presque tous les domaines, Jocelyn passait son temps sur le terrain \u00e0 consulter de nombreux domaines, et surtout pour le Vin Jaune.&nbsp;Il prend le pouls de ce qui se passe dans chaque domaine du Jura depuis plus de 10 ans. Cette connaissance est inestimable pour l&#8217;\u00e9volution du Domaine Rolet.<\/span><\/p>\n<p><span lang=\"FR\">Depuis son arriv\u00e9e, la cave a syst\u00e9matis\u00e9 la fermentation avec des levures indig\u00e8nes, des dosages plus faibles dans les cr\u00e9mants, et des dosages plus faibles en SO2 tout au long de la vinification. &nbsp;Les r\u00e9sultats peuvent d\u00e9j\u00e0 \u00eatre d\u00e9gust\u00e9s dans les ann\u00e9es 2018, et certains d&#8217;entre eux sont d\u00e9j\u00e0 en bouteille : Natur\u00e9 et Ros\u00e9 des Beaux Jours.<\/span><\/p>\n<figure style=\"width: 564px\" class=\"wp-caption alignnone\"><img loading=\"lazy\" decoding=\"async\" class=\"mcnImage\" src=\"https:\/\/gallery.mailchimp.com\/8cc45cf08bf7beaf6f607b870\/images\/9108a03f-724f-4e03-99d4-a2ba55b520e4.jpg\" alt=\"\" width=\"564\" height=\"900\" align=\"center\"><figcaption class=\"wp-caption-text\">Chef de Cave Jocelyn Broncard in the Cellar<\/figcaption><\/figure>\n<hr>\n<p><strong><span lang=\"FR\">Pr\u00e9sentation de l<\/span><\/strong><strong><span lang=\"FR\">\u2019<\/span><\/strong><strong><span lang=\"FR\">\u00e9quipe :<\/span><\/strong><span lang=\"FR\"> Louis Morel, Chef de Culture<\/span><\/p>\n<p><span lang=\"FR\">Travaillant avec Bernard Rolet depuis 2017, Louis Morel a repris le poste de Chef de Culture du Domaine dans les vignes.<\/span><\/p>\n<p><span lang=\"FR\">Comme Jocelyn, Louis a une longue histoire dans le Jura, et a fait partie int\u00e9grante de l&#8217;\u00e9quipe lors des deux derniers \u00e9pisodes de gel de la saison en avril et mai derniers.<\/span><\/p>\n<p><span lang=\"FR\">Il a travaill\u00e9 avec C\u00e9dric Ducot\u00e9 pour lancer le processus de conversion biologique des vignes et le travail de replantation (nouvelle parcelle et co-plantation dans les vignes existentes) \u00e0 partir de vignes issues de s\u00e9lection massale.<\/span><\/p>\n<p><span lang=\"FR\">Ces replantations se feront par rotation afin de renouveler le vignoble tout en conservant une proportion de vieilles vignes. Apr\u00e8s la premi\u00e8re phase d&#8217;arrachage \u00e0 l<\/span><span lang=\"FR\">\u2019<\/span><span lang=\"FR\">automne 2018, les parcelles ont \u00e9t\u00e9 laiss\u00e9es en jach\u00e8re et les sols analys\u00e9s afin de d\u00e9finir les vari\u00e9t\u00e9s les plus adapt\u00e9es qu<\/span><span lang=\"FR\">\u2019<\/span><span lang=\"FR\">il faudra replanter. <\/span><\/p>\n<p><span lang=\"FR\">Ces vignes seront plant\u00e9es au printemps 2020 apr\u00e8s une ann\u00e9e de repos. Les vari\u00e9t\u00e9s choisies sont le Poulsard (issues de s\u00e9lection massale), le Savagnin et le Chardonnay.<\/span><\/p>\n<figure style=\"width: 564px\" class=\"wp-caption alignnone\"><img loading=\"lazy\" decoding=\"async\" class=\"mcnImage\" src=\"https:\/\/gallery.mailchimp.com\/8cc45cf08bf7beaf6f607b870\/_compresseds\/e280a9da-ca74-4b37-a7fd-e9f87c7f64ab.jpg\" alt=\"\" width=\"564\" height=\"5315\" align=\"center\"><figcaption class=\"wp-caption-text\">Louis Morel : Chef de Culture in the vineyards<\/figcaption><\/figure>\n<p>&nbsp;<\/p>\n<hr>\n<p><strong>Mill\u00e9simes 2018<\/strong><br \/>\nLe mill\u00e9sime a \u00e9t\u00e9 marqu\u00e9 par beaucoup d&#8217;humidit\u00e9, l&#8217;\u00e9t\u00e9 a \u00e9t\u00e9 chaud et peu venteux, une exception pour la r\u00e9gion !<br \/>\nD\u00e8s les premi\u00e8res d\u00e9gustations, les vins de 2018 sont tr\u00e8s frais, et tr\u00e8s gourmands. &nbsp;Ils ont un mill\u00e9sime \u00e9quilibr\u00e9 et aromatique, avec des fruits juteux et m\u00fbrs.<\/p>\n<p><img decoding=\"async\" class=\"mcnImage\" src=\"https:\/\/gallery.mailchimp.com\/8cc45cf08bf7beaf6f607b870\/images\/4a0ad065-6bc3-4fc2-82b1-cec9054d96eb.jpg\" alt=\"\" width=\"264\"><\/p>\n<p><strong>Ros\u00e9 Cuv\u00e9e des Beaux Jours 2018<\/strong><\/p>\n<div>L&#8217;un des vins les plus uniques de la r\u00e9gion est le ros\u00e9 \u00e0 base de Poulsard (saign\u00e9e). Ce vin a des ar\u00f4mes de petites baies sauvages et de groseilles rouges, qui finissent en bouche juteux et frais.<\/div>\n<div>&nbsp;<\/div>\n<div>\n<hr>\n<\/div>\n<div>&nbsp;<\/div>\n<div><strong><img decoding=\"async\" class=\"mcnImage\" src=\"https:\/\/gallery.mailchimp.com\/8cc45cf08bf7beaf6f607b870\/images\/75b5ab49-e29b-453a-94c9-4a62bb32cbbd.jpg\" alt=\"\" width=\"88\"><\/strong><\/div>\n<div>\n<p><strong>Natur\u00e9 2018 <\/strong><\/p>\n<div>100% Savagnin qui est compl\u00e9t\u00e9 sans aucune vinification oxydative. &nbsp;Le nez pr\u00e9sente des notes florales, avec de la p\u00eache et de la poire. &nbsp;Le vin est frais et fruit\u00e9 en bouche avec des agrumes jaunes croquants.<\/div>\n<\/div>\n<div>&nbsp;<\/div>\n<div>\n<hr>\n<\/div>\n<div>&nbsp;<\/div>\n<div>\n<p><strong>Rolet&#8217;s cave of Back-Vintages &#8211; The Treasure Chest<\/strong><\/p>\n<div>L&#8217;un des projets h\u00e9rit\u00e9s de Rolet \u00e9tait le d\u00e9veloppement de leur cave \u00e0 magnum vintage. &nbsp;La cave dispose d&#8217;une biblioth\u00e8que de vins tous mis en bouteille dans le Jura-Magnums datant du d\u00e9but des ann\u00e9es 1980. &nbsp;Ces vins sp\u00e9ciaux ont profit\u00e9 du vieillissement du temps o\u00f9 beaucoup ne pouvaient pas se permettre de faire vieillir leurs propres vins dans la cave et n&#8217;avaient pas la place n\u00e9cessaire pour le faire. &nbsp;<strong>*Ces vins sont disponibles \u00e0 la vente*.<\/strong><\/div>\n<\/div>\n<div>&nbsp;<\/div>\n<div>\n<figure style=\"width: 564px\" class=\"wp-caption alignnone\"><img loading=\"lazy\" decoding=\"async\" class=\"mcnImage\" src=\"https:\/\/gallery.mailchimp.com\/8cc45cf08bf7beaf6f607b870\/images\/65a9ca50-e2cc-44ba-a7d4-33b78eb40f88.jpg\" alt=\"\" width=\"564\" height=\"533\" align=\"center\"><figcaption class=\"wp-caption-text\">A selection from the vintage magnum treasures in Rolet&#8217;s cave<\/figcaption><\/figure>\n<p>&nbsp;<\/p>\n<\/div>\n","protected":false},"excerpt":{"rendered":"<p>June 19, 2019 Bonjour! Nos visites dans les vignobles s [&hellip;]<\/p>\n","protected":false},"author":2,"featured_media":0,"comment_status":"open","ping_status":"open","sticky":false,"template":"","format":"standard","meta":{"inline_featured_image":false,"csbAdvScrollBarCursor":"","ocean_post_layout":"","ocean_both_sidebars_style":"","ocean_both_sidebars_content_width":0,"ocean_both_sidebars_sidebars_width":0,"ocean_sidebar":"","ocean_second_sidebar":"","ocean_disable_margins":"enable","ocean_add_body_class":"","ocean_shortcode_before_top_bar":"","ocean_shortcode_after_top_bar":"","ocean_shortcode_before_header":"","ocean_shortcode_after_header":"","ocean_has_shortcode":"","ocean_shortcode_after_title":"","ocean_shortcode_before_footer_widgets":"","ocean_shortcode_after_footer_widgets":"","ocean_shortcode_before_footer_bottom":"","ocean_shortcode_after_footer_bottom":"","ocean_display_top_bar":"default","ocean_display_header":"default","ocean_header_style":"","ocean_center_header_left_menu":"","ocean_custom_header_template":"","ocean_custom_logo":0,"ocean_custom_retina_logo":0,"ocean_custom_logo_max_width":0,"ocean_custom_logo_tablet_max_width":0,"ocean_custom_logo_mobile_max_width":0,"ocean_custom_logo_max_height":0,"ocean_custom_logo_tablet_max_height":0,"ocean_custom_logo_mobile_max_height":0,"ocean_header_custom_menu":"","ocean_menu_typo_font_family":"","ocean_menu_typo_font_subset":"","ocean_menu_typo_font_size":0,"ocean_menu_typo_font_size_tablet":0,"ocean_menu_typo_font_size_mobile":0,"ocean_menu_typo_font_size_unit":"px","ocean_menu_typo_font_weight":"","ocean_menu_typo_font_weight_tablet":"","ocean_menu_typo_font_weight_mobile":"","ocean_menu_typo_transform":"","ocean_menu_typo_transform_tablet":"","ocean_menu_typo_transform_mobile":"","ocean_menu_typo_line_height":0,"ocean_menu_typo_line_height_tablet":0,"ocean_menu_typo_line_height_mobile":0,"ocean_menu_typo_line_height_unit":"","ocean_menu_typo_spacing":0,"ocean_menu_typo_spacing_tablet":0,"ocean_menu_typo_spacing_mobile":0,"ocean_menu_typo_spacing_unit":"","ocean_menu_link_color":"","ocean_menu_link_color_hover":"","ocean_menu_link_color_active":"","ocean_menu_link_background":"","ocean_menu_link_hover_background":"","ocean_menu_link_active_background":"","ocean_menu_social_links_bg":"","ocean_menu_social_hover_links_bg":"","ocean_menu_social_links_color":"","ocean_menu_social_hover_links_color":"","ocean_disable_title":"default","ocean_disable_heading":"default","ocean_post_title":"","ocean_post_subheading":"","ocean_post_title_style":"","ocean_post_title_background_color":"","ocean_post_title_background":0,"ocean_post_title_bg_image_position":"","ocean_post_title_bg_image_attachment":"","ocean_post_title_bg_image_repeat":"","ocean_post_title_bg_image_size":"","ocean_post_title_height":0,"ocean_post_title_bg_overlay":0.5,"ocean_post_title_bg_overlay_color":"","ocean_disable_breadcrumbs":"default","ocean_breadcrumbs_color":"","ocean_breadcrumbs_separator_color":"","ocean_breadcrumbs_links_color":"","ocean_breadcrumbs_links_hover_color":"","ocean_display_footer_widgets":"default","ocean_display_footer_bottom":"default","ocean_custom_footer_template":"","ocean_post_oembed":"","ocean_post_self_hosted_media":"","ocean_post_video_embed":"","ocean_link_format":"","ocean_link_format_target":"self","ocean_quote_format":"","ocean_quote_format_link":"post","ocean_gallery_link_images":"on","ocean_gallery_id":[],"footnotes":""},"categories":[316,6],"tags":[196,9,248,252,91,194,87,197,195,8,44],"class_list":["post-3718","post","type-post","status-publish","format-standard","hentry","category-domaine-rolet","category-visite-domaine","tag-arbois","tag-domaine-rolet","tag-jura","tag-magnum","tag-nature","tag-poulsard","tag-rolet","tag-savagnin","tag-trousseau","tag-vin-jaune","tag-vins-du-jura","entry"],"_links":{"self":[{"href":"https:\/\/genuinewines.com\/cn\/wp-json\/wp\/v2\/posts\/3718","targetHints":{"allow":["GET"]}}],"collection":[{"href":"https:\/\/genuinewines.com\/cn\/wp-json\/wp\/v2\/posts"}],"about":[{"href":"https:\/\/genuinewines.com\/cn\/wp-json\/wp\/v2\/types\/post"}],"author":[{"embeddable":true,"href":"https:\/\/genuinewines.com\/cn\/wp-json\/wp\/v2\/users\/2"}],"replies":[{"embeddable":true,"href":"https:\/\/genuinewines.com\/cn\/wp-json\/wp\/v2\/comments?post=3718"}],"version-history":[{"count":3,"href":"https:\/\/genuinewines.com\/cn\/wp-json\/wp\/v2\/posts\/3718\/revisions"}],"predecessor-version":[{"id":3721,"href":"https:\/\/genuinewines.com\/cn\/wp-json\/wp\/v2\/posts\/3718\/revisions\/3721"}],"wp:attachment":[{"href":"https:\/\/genuinewines.com\/cn\/wp-json\/wp\/v2\/media?parent=3718"}],"wp:term":[{"taxonomy":"category","embeddable":true,"href":"https:\/\/genuinewines.com\/cn\/wp-json\/wp\/v2\/categories?post=3718"},{"taxonomy":"post_tag","embeddable":true,"href":"https:\/\/genuinewines.com\/cn\/wp-json\/wp\/v2\/tags?post=3718"}],"curies":[{"name":"wp","href":"https:\/\/api.w.org\/{rel}","templated":true}]}}